{"id":678,"date":"2018-05-02T17:32:47","date_gmt":"2018-05-02T17:32:47","guid":{"rendered":"http:\/\/kz-gedenken-spaichingen.de\/?p=678"},"modified":"2018-05-02T17:32:47","modified_gmt":"2018-05-02T17:32:47","slug":"die-vergangenheit-soll-nicht-ruhen","status":"publish","type":"post","link":"https:\/\/kz-gedenken-spaichingen.de\/?p=678","title":{"rendered":"Die Vergangenheit soll nicht ruhen"},"content":{"rendered":"<div id=\"pl-678\"  class=\"panel-layout\" ><div id=\"pg-678-0\"  class=\"panel-grid panel-has-style\" ><div style=\"padding: 100px 0; \" data-overlay=\"true\" class=\"panel-row-style panel-row-style-for-678-0\" ><div id=\"pgc-678-0-0\"  class=\"panel-grid-cell\" ><div id=\"panel-678-0-0-0\" class=\"so-panel widget widget_sow-editor panel-first-child panel-last-child\" data-index=\"0\" ><div style=\"text-align: left;\" data-title-color=\"#443f3f\" data-headings-color=\"#443f3f\" class=\"panel-widget-style panel-widget-style-for-678-0-0-0\" ><div class=\"so-widget-sow-editor so-widget-sow-editor-base\"><h3 class=\"widget-title\">Die Vergangenheit soll nicht ruhen<\/h3>\n<div class=\"siteorigin-widget-tinymce textwidget\">\n\t<p>\u00dcberlebende der KZ im Schlichemtal und deren Angeh\u00f6rige trafen sich in der Gedenkst\u00e4tte Eckerwald. Dabei ging es auch um europ\u00e4ische Perspektiven.<\/p>\n<p>Da ist zum Beispiel Tihomir Hudicek aus Kroatien. Er ist zum ersten Mal ins Schlichemtal gekommen, um das Grab seines Vaters Franjo Hudicek zu besuchen. Er wurde im KZ Sch\u00f6rzingen umgebracht. Tihomir Hudiceks Enkel erz\u00e4hlt von seiner 99-j\u00e4hrigen Gro\u00dfmutter, die ihren Mann letztmals 1943 gesehen hat. \u201cSie erinnert sich noch gut an ihn und kann das alles immer noch nicht begreifen\u201d, sagt er.<br \/>Da ist zum Beispiel der 90-j\u00e4hrige Eugeniuz Dabroswki, der die KZ Auschwitz, Dachau und Sch\u00f6rzingen \u00fcberlebt hat. \u201cDie Erinnerung treibt uns die Tr\u00e4nen in die Augen\u201d, erkl\u00e4rt er. Da ist zum Beispiel Gaston Rath, der eine Delegation aus Luxemburg anf\u00fchrt. Die Initiative Eckerwald kehre nichts unter den Teppich und mache sich deshalb auch verletzlich, sagt er mit tr\u00e4nenerstickter Stimme. Da ist zum Beispiel Anne Jacques von der franz\u00f6sischen Delegation, die von dem Verbrechen der SS in einem kleinen Dorf in den Vogesen erz\u00e4hlt. Von sterbenden Kindern, geschundenen Menschen, Exekutionen. Die Tyrannen existierten heute immer noch, genau so wie Dummheit und Hass. Im Hinblick auf die Kriege in dieser Welt stellt sie die Frage:<br \/>\u201cWer gibt ihnen das Recht?\u201d<br \/>Bei der Gedenkfeier am Mahnmal in der Gedenkst\u00e4tte Eckerwald gestern stellte Dorothee Roos das Europ\u00e4ische Kulturerbesiegel vor, das die Initiative Eckerwald zusammen mit zw\u00f6lf weiteren Gedenkst\u00e4tten in Orten, wo Au\u00dfenlager des KZ Natzweiler im Elsass gewesen sind, erhalten hat. \u201cWer eine Br\u00fccke bauen will, muss den Abgrund kennen\u201d, f\u00fchrt sie aus und umschreibt damit das Thema der Gedenkfeier, das da lautet: \u201cGrenzen \u00fcberwinden, Br\u00fccken bauen, Europa gestalten\u201d.\u201d Europa war 1944 und 1945 hier\", sagt Dorothee Roos und verweist auf die H\u00e4ftlinge in den Natzweiler-Au\u00dfenlagern, die 30 verschiedenen Nationen angeh\u00f6rt haben. Die Gedenkst\u00e4tten schauten dort hin, wo es weh tut. Man wolle die Vergangenheit nicht ruhen lassen, sondern habe Kontakt zu den ehemaligen H\u00e4ftlingen und deren Angeh\u00f6rigen gesucht. Das Europ\u00e4ische Kulturerbesiegel habe man erhalten, weil man europ\u00e4ische Vers\u00f6hnungs- und Friedensarbeit geleistet hat. Ein blo\u00dfes Verharren in der Vergangenheit mache aber keinen Sinn. \u201cWir wollen das Bewusstsein daf\u00fcr sch\u00e4rfen, wie kostbar der Frieden ist\u201d, sagt Dorothee Roos.<\/p>\n<figure id=\"attachment_681\" aria-describedby=\"caption-attachment-681\" style=\"width: 600px\" class=\"wp-caption aligncenter\"><img loading=\"lazy\" decoding=\"async\" class=\"size-full wp-image-681\" src=\"http:\/\/kz-gedenken-spaichingen.de\/wp-content\/uploads\/2018\/05\/IMG_20180422_104036_crop.jpg\" alt=\"\" width=\"600\" height=\"764\" srcset=\"https:\/\/kz-gedenken-spaichingen.de\/wp-content\/uploads\/2018\/05\/IMG_20180422_104036_crop.jpg 600w, https:\/\/kz-gedenken-spaichingen.de\/wp-content\/uploads\/2018\/05\/IMG_20180422_104036_crop-236x300.jpg 236w, https:\/\/kz-gedenken-spaichingen.de\/wp-content\/uploads\/2018\/05\/IMG_20180422_104036_crop-230x293.jpg 230w, https:\/\/kz-gedenken-spaichingen.de\/wp-content\/uploads\/2018\/05\/IMG_20180422_104036_crop-350x446.jpg 350w, https:\/\/kz-gedenken-spaichingen.de\/wp-content\/uploads\/2018\/05\/IMG_20180422_104036_crop-480x611.jpg 480w\" sizes=\"auto, (max-width: 600px) 100vw, 600px\" \/><figcaption id=\"caption-attachment-681\" class=\"wp-caption-text\">Brigitta Marquart-Schad, Dr. Albrecht Dapp und Dorothee Roos (von links) vom Verbund der Gedenkst\u00e4tten mit dem Europ\u00e4ischen Kulturerbesiegel. Foto: Ingrid Dapp<\/figcaption><\/figure>\n<p>Ein Bl\u00e4serensemble der Musikschule Rottweil sorgt f\u00fcr die musikalische Umrahmung der Feier. Eine Sch\u00fclerin und ein Sch\u00fcler aus K\u00f6nigsfeld rei\u00dfen in einer Performance die steinernen Grenzen aus Folter, Nationalismus, Hass oder Fremdenfeindlichkeit ein und bauen aus den Bausteinen ein Tor, durch das man aufeinander zu schreiten kann. Abschlie\u00dfend erklingt die Europahymne mit Schillers Ode an die Freude.<\/p>\n<p>Daniel Seeburger, Balinger Zeitung<\/p>\n<\/div>\n<\/div><\/div><\/div><\/div><\/div><\/div><\/div>","protected":false},"excerpt":{"rendered":"<p>\u00dcberlebende der KZ im Schlichemtal und deren Angeh\u00f6rige trafen sich in der Gedenkst\u00e4tte Eckerwald. Dabei ging es auch um europ\u00e4ische Perspektiven. Da ist zum Beispiel Tihomir Hudicek aus Kroatien. Er ist zum ersten Mal ins Schlichemtal gekommen, um das Grab seines Vaters Franjo Hudicek zu besuchen. Er wurde im KZ Sch\u00f6rzingen umgebracht. Tihomir Hudiceks Enkel [&hellip;]<\/p>\n","protected":false},"author":1,"featured_media":0,"comment_status":"open","ping_status":"open","sticky":false,"template":"","format":"standard","meta":{"footnotes":""},"categories":[1],"tags":[],"class_list":["post-678","post","type-post","status-publish","format-standard","hentry","category-uncategorized"],"_links":{"self":[{"href":"https:\/\/kz-gedenken-spaichingen.de\/index.php?rest_route=\/wp\/v2\/posts\/678","targetHints":{"allow":["GET"]}}],"collection":[{"href":"https:\/\/kz-gedenken-spaichingen.de\/index.php?rest_route=\/wp\/v2\/posts"}],"about":[{"href":"https:\/\/kz-gedenken-spaichingen.de\/index.php?rest_route=\/wp\/v2\/types\/post"}],"author":[{"embeddable":true,"href":"https:\/\/kz-gedenken-spaichingen.de\/index.php?rest_route=\/wp\/v2\/users\/1"}],"replies":[{"embeddable":true,"href":"https:\/\/kz-gedenken-spaichingen.de\/index.php?rest_route=%2Fwp%2Fv2%2Fcomments&post=678"}],"version-history":[{"count":8,"href":"https:\/\/kz-gedenken-spaichingen.de\/index.php?rest_route=\/wp\/v2\/posts\/678\/revisions"}],"predecessor-version":[{"id":687,"href":"https:\/\/kz-gedenken-spaichingen.de\/index.php?rest_route=\/wp\/v2\/posts\/678\/revisions\/687"}],"wp:attachment":[{"href":"https:\/\/kz-gedenken-spaichingen.de\/index.php?rest_route=%2Fwp%2Fv2%2Fmedia&parent=678"}],"wp:term":[{"taxonomy":"category","embeddable":true,"href":"https:\/\/kz-gedenken-spaichingen.de\/index.php?rest_route=%2Fwp%2Fv2%2Fcategories&post=678"},{"taxonomy":"post_tag","embeddable":true,"href":"https:\/\/kz-gedenken-spaichingen.de\/index.php?rest_route=%2Fwp%2Fv2%2Ftags&post=678"}],"curies":[{"name":"wp","href":"https:\/\/api.w.org\/{rel}","templated":true}]}}