{"id":616,"date":"2018-05-02T16:34:59","date_gmt":"2018-05-02T16:34:59","guid":{"rendered":"http:\/\/kz-gedenken-spaichingen.de\/?p=616"},"modified":"2018-05-02T16:51:43","modified_gmt":"2018-05-02T16:51:43","slug":"eroffnung-der-fotoausstellung-erinnerung-fotografieren-in-strasburg","status":"publish","type":"post","link":"https:\/\/kz-gedenken-spaichingen.de\/?p=616","title":{"rendered":"Er\u00f6ffnung der Fotoausstellung \u201eErinnerung fotografieren\u201c in Stra\u00dfburg"},"content":{"rendered":"<div id=\"pl-616\"  class=\"panel-layout\" ><div id=\"pg-616-0\"  class=\"panel-grid panel-has-style\" ><div style=\"padding: 100px 0; \" data-overlay=\"true\" class=\"panel-row-style panel-row-style-for-616-0\" ><div id=\"pgc-616-0-0\"  class=\"panel-grid-cell\" ><div id=\"panel-616-0-0-0\" class=\"so-panel widget widget_sow-editor panel-first-child panel-last-child\" data-index=\"0\" ><div style=\"text-align: left;\" data-title-color=\"#443f3f\" data-headings-color=\"#443f3f\" class=\"panel-widget-style panel-widget-style-for-616-0-0-0\" ><div class=\"so-widget-sow-editor so-widget-sow-editor-base\"><h3 class=\"widget-title\">Er\u00f6ffnung der Fotoausstellung \u201eErinnerung fotografieren\u201c in Stra\u00dfburg<\/h3>\n<div class=\"siteorigin-widget-tinymce textwidget\">\n\t<p><img loading=\"lazy\" decoding=\"async\" class=\"alignnone size-full wp-image-617\" src=\"http:\/\/kz-gedenken-spaichingen.de\/wp-content\/uploads\/2018\/05\/Fotoausstellung-eroeffnung.jpg\" alt=\"\" width=\"1082\" height=\"811\" \/>Am Freitag 26.01.2018 wurde das Kooperationsprojekt \u201eErinnerung fotografieren\u201c vieler Schulen in Baden-W\u00fcrttemberg mit Schulen im Elsa\u00df mit einer tollen Fotoausstellung weitergef\u00fchrt. Die bereits im November entstandenen Fotos von Gedenkst\u00e4tten und \u00dcberresten der Au\u00dfenlager des KZ Natzweiler-Struthof wurden am 05.12.2018 in deutsch-franz\u00f6sischen Sch\u00fclerarbeitsgruppen gesichtet, einander erl\u00e4utert und zusammengestellt. Die Ausstellungser\u00f6ffnung am Lyc\u00e9e d\u2019ORT in Stra\u00dfburg war nun ein feierlicher Empfang und ein freudiges Wiedersehen der beteiligten Sch\u00fclerinnen, Sch\u00fcler und verantwortlichen Organisatoren. Auch die 3 beteiligten Sch\u00fclerinnen der Spaichinger Schulen, Anna Knorr (Gymnasium Spaichingen), Ronja Merkt und Michelle Wilhelm (Realschule Spaichingen) freuten sich mit ihren Lehrern dabei zu sein.<br \/>Neben verschiedenen Reden, in denen die Bedeutung solcher l\u00e4nder\u00fcbergreifenden Projekte hervorgehoben wurde, bildete ein Bericht einer polnischen Zeitzeugin mit der Schilderung ihrer pers\u00f6nlichen Erlebnisse und ihrer Bezugnahme auf einzelne Fotos der Sch\u00fclerinnen und Sch\u00fcler den Mittelpunkt der Veranstaltung. Auf \u00fcbersichtlichen Stellw\u00e4nden ist nun jede Gedenkst\u00e4tte vorgestellt und mit den kreativ umgesetzten Fotos der Sch\u00fclerinnen und Sch\u00fcler best\u00fcckt worden. Diese Ausstellung wird in Zukunft auf Wanderschaft gehen und so den beteiligten Klassen erm\u00f6glicht, sich erneut mit diesem Thema zu besch\u00e4ftigen.<br \/>Der f\u00fcr dieses tolle Kooperationsprojekt verantwortliche Verein VGKN (Verbund der Gedenkst\u00e4tten im ehemaligen KZ-Komplex Natzweiler e.V.) ist bereits in der Planung seines neuen tollen Projekts, bei dem es zu einer k\u00fcnstlerischen Zusammenarbeit zum Thema \u201eFraternit\u00e9\u201c mit K\u00fcnstlern und Sch\u00fclergruppen an den historischen Gedenkst\u00e4tten kommen soll.<\/p>\n<p>Mareike Wickertsheim, Lehrerin Realschule Spaichingen<\/p>\n<\/div>\n<\/div><\/div><\/div><\/div><\/div><\/div><\/div>","protected":false},"excerpt":{"rendered":"<p>Am Freitag 26.01.2018 wurde das Kooperationsprojekt \u201eErinnerung fotografieren\u201c vieler Schulen in Baden-W\u00fcrttemberg mit Schulen im Elsa\u00df mit einer tollen Fotoausstellung weitergef\u00fchrt. Die bereits im November entstandenen Fotos von Gedenkst\u00e4tten und \u00dcberresten der Au\u00dfenlager des KZ Natzweiler-Struthof wurden am 05.12.2018 in deutsch-franz\u00f6sischen Sch\u00fclerarbeitsgruppen gesichtet, einander erl\u00e4utert und zusammengestellt. Die Ausstellungser\u00f6ffnung am Lyc\u00e9e d\u2019ORT in Stra\u00dfburg war [&hellip;]<\/p>\n","protected":false},"author":1,"featured_media":0,"comment_status":"open","ping_status":"open","sticky":false,"template":"","format":"standard","meta":{"footnotes":""},"categories":[1],"tags":[],"class_list":["post-616","post","type-post","status-publish","format-standard","hentry","category-uncategorized"],"_links":{"self":[{"href":"https:\/\/kz-gedenken-spaichingen.de\/index.php?rest_route=\/wp\/v2\/posts\/616","targetHints":{"allow":["GET"]}}],"collection":[{"href":"https:\/\/kz-gedenken-spaichingen.de\/index.php?rest_route=\/wp\/v2\/posts"}],"about":[{"href":"https:\/\/kz-gedenken-spaichingen.de\/index.php?rest_route=\/wp\/v2\/types\/post"}],"author":[{"embeddable":true,"href":"https:\/\/kz-gedenken-spaichingen.de\/index.php?rest_route=\/wp\/v2\/users\/1"}],"replies":[{"embeddable":true,"href":"https:\/\/kz-gedenken-spaichingen.de\/index.php?rest_route=%2Fwp%2Fv2%2Fcomments&post=616"}],"version-history":[{"count":9,"href":"https:\/\/kz-gedenken-spaichingen.de\/index.php?rest_route=\/wp\/v2\/posts\/616\/revisions"}],"predecessor-version":[{"id":668,"href":"https:\/\/kz-gedenken-spaichingen.de\/index.php?rest_route=\/wp\/v2\/posts\/616\/revisions\/668"}],"wp:attachment":[{"href":"https:\/\/kz-gedenken-spaichingen.de\/index.php?rest_route=%2Fwp%2Fv2%2Fmedia&parent=616"}],"wp:term":[{"taxonomy":"category","embeddable":true,"href":"https:\/\/kz-gedenken-spaichingen.de\/index.php?rest_route=%2Fwp%2Fv2%2Fcategories&post=616"},{"taxonomy":"post_tag","embeddable":true,"href":"https:\/\/kz-gedenken-spaichingen.de\/index.php?rest_route=%2Fwp%2Fv2%2Ftags&post=616"}],"curies":[{"name":"wp","href":"https:\/\/api.w.org\/{rel}","templated":true}]}}