{"id":1184,"date":"2024-05-12T16:07:54","date_gmt":"2024-05-12T16:07:54","guid":{"rendered":"https:\/\/kz-gedenken-spaichingen.de\/?p=1184"},"modified":"2024-08-25T14:36:06","modified_gmt":"2024-08-25T14:36:06","slug":"gemeinsam-fuer-menschenrechte-demokratie","status":"publish","type":"post","link":"https:\/\/kz-gedenken-spaichingen.de\/?p=1184","title":{"rendered":"Redebeitr\u00e4ge von der Demo Gemeinsam f\u00fcr Menschenrechte &#038; Demokratie am 1.M\u00e4rz 2024"},"content":{"rendered":"\n<div class=\"wp-block-image\"><figure class=\"aligncenter size-full is-resized\"><img loading=\"lazy\" decoding=\"async\" src=\"https:\/\/kz-gedenken-spaichingen.de\/wp-content\/uploads\/2024\/05\/Demo-01.-Maerz.jpg\" alt=\"\" class=\"wp-image-1223\" width=\"283\" height=\"400\" srcset=\"https:\/\/kz-gedenken-spaichingen.de\/wp-content\/uploads\/2024\/05\/Demo-01.-Maerz.jpg 1133w, https:\/\/kz-gedenken-spaichingen.de\/wp-content\/uploads\/2024\/05\/Demo-01.-Maerz-212x300.jpg 212w, https:\/\/kz-gedenken-spaichingen.de\/wp-content\/uploads\/2024\/05\/Demo-01.-Maerz-725x1024.jpg 725w, https:\/\/kz-gedenken-spaichingen.de\/wp-content\/uploads\/2024\/05\/Demo-01.-Maerz-768x1085.jpg 768w, https:\/\/kz-gedenken-spaichingen.de\/wp-content\/uploads\/2024\/05\/Demo-01.-Maerz-1088x1536.jpg 1088w, https:\/\/kz-gedenken-spaichingen.de\/wp-content\/uploads\/2024\/05\/Demo-01.-Maerz-830x1172.jpg 830w, https:\/\/kz-gedenken-spaichingen.de\/wp-content\/uploads\/2024\/05\/Demo-01.-Maerz-230x325.jpg 230w, https:\/\/kz-gedenken-spaichingen.de\/wp-content\/uploads\/2024\/05\/Demo-01.-Maerz-350x494.jpg 350w, https:\/\/kz-gedenken-spaichingen.de\/wp-content\/uploads\/2024\/05\/Demo-01.-Maerz-480x678.jpg 480w\" sizes=\"auto, (max-width: 283px) 100vw, 283px\" \/><\/figure><\/div>\n\n\n\n<div style=\"height:40px\" aria-hidden=\"true\" class=\"wp-block-spacer\"><\/div>\n\n\n\n<p>Am 01. M\u00e4rz dieses Jahres hat die Demonstration &#8222;Gemeinsam f\u00fcr Menschenrechte &amp; Demokratie&#8220; in Spaichingen auf dem Marktplatz stattgefunden. Die Demonstration ist in Spaichingen sehr gut angekommen. Sie lief friedlich ab. Es wurden ungef\u00e4hr 600 Teilnehmer gesch\u00e4tzt.<\/p>\n\n\n\n<p>Die Demo wurde von der KZ-Initiative Spaichingen mitorganisiert. Gerne bringen wir die Reden als Video-Beitr\u00e4ge zum Anschauen.<\/p>\n\n\n\n<div style=\"height:31px\" aria-hidden=\"true\" class=\"wp-block-spacer\"><\/div>\n\n\n\n<div class=\"wp-block-columns is-layout-flex wp-container-core-columns-is-layout-9d6595d7 wp-block-columns-is-layout-flex\">\n<div class=\"wp-block-column is-layout-flow wp-block-column-is-layout-flow\">\n<div class=\"wp-block-buttons is-layout-flex wp-block-buttons-is-layout-flex\">\n<div class=\"wp-block-button has-custom-width wp-block-button__width-100 has-custom-font-size is-style-fill\" style=\"font-size:15px\"><a class=\"wp-block-button__link\" href=\"https:\/\/kz-gedenken-spaichingen.de\/wp-content\/uploads\/2024\/05\/Preview-Buergermeister-Hugger-1.mp4\" style=\"border-radius:19px\" target=\"_blank\" rel=\"noreferrer noopener\">Rede<br>B\u00fcrgermeister<br>Hugger<\/a><\/div>\n<\/div>\n\n\n\n<div style=\"height:10px\" aria-hidden=\"true\" class=\"wp-block-spacer\"><\/div>\n<\/div>\n\n\n\n<div class=\"wp-block-column is-layout-flow wp-block-column-is-layout-flow\">\n<div class=\"wp-block-buttons is-layout-flex wp-block-buttons-is-layout-flex\">\n<div class=\"wp-block-button has-custom-width wp-block-button__width-100 has-custom-font-size is-style-fill\" style=\"font-size:15px\"><a class=\"wp-block-button__link\" href=\"https:\/\/kz-gedenken-spaichingen.de\/wp-content\/uploads\/2024\/05\/Preview-Rede-A.-Hauser.mp4\" style=\"border-radius:19px\" target=\"_blank\" rel=\"noreferrer noopener\">Rede<br>Angelika<br>Hauser<\/a><\/div>\n<\/div>\n\n\n\n<div style=\"height:12px\" aria-hidden=\"true\" class=\"wp-block-spacer\"><\/div>\n<\/div>\n\n\n\n<div class=\"wp-block-column is-layout-flow wp-block-column-is-layout-flow\">\n<div class=\"wp-block-buttons is-layout-flex wp-block-buttons-is-layout-flex\">\n<div class=\"wp-block-button has-custom-width wp-block-button__width-100 has-custom-font-size is-style-fill\" style=\"font-size:15px\"><a class=\"wp-block-button__link\" href=\"https:\/\/kz-gedenken-spaichingen.de\/wp-content\/uploads\/2024\/05\/Preview-Franz-Schumacher.mp4\" style=\"border-radius:19px\" target=\"_blank\" rel=\"noreferrer noopener\">Rede<br>Franz<br>Schuhmacher<\/a><\/div>\n<\/div>\n\n\n\n<div style=\"height:12px\" aria-hidden=\"true\" class=\"wp-block-spacer\"><\/div>\n<\/div>\n\n\n\n<div class=\"wp-block-column is-layout-flow wp-block-column-is-layout-flow\">\n<div class=\"wp-block-buttons is-layout-flex wp-block-buttons-is-layout-flex\">\n<div class=\"wp-block-button has-custom-width wp-block-button__width-100 has-custom-font-size is-style-fill\" style=\"font-size:15px\"><a class=\"wp-block-button__link\" href=\"https:\/\/kz-gedenken-spaichingen.de\/wp-content\/uploads\/2024\/05\/Preview-Skemi-Ayoola-Ojo.mp4\" style=\"border-radius:19px\" target=\"_blank\" rel=\"noreferrer noopener\">Rede<br>Skemi<br>Ayoola-Ojo<\/a><\/div>\n<\/div>\n\n\n\n<div style=\"height:12px\" aria-hidden=\"true\" class=\"wp-block-spacer\"><\/div>\n<\/div>\n\n\n\n<div class=\"wp-block-column is-layout-flow wp-block-column-is-layout-flow\">\n<div class=\"wp-block-buttons is-layout-flex wp-block-buttons-is-layout-flex\">\n<div class=\"wp-block-button has-custom-width wp-block-button__width-100 has-custom-font-size is-style-fill\" style=\"font-size:15px\"><a class=\"wp-block-button__link\" href=\"https:\/\/kz-gedenken-spaichingen.de\/wp-content\/uploads\/2024\/05\/Preview-Seafina-Uhl.mp4\" style=\"border-radius:19px\">Rede<br>Serafina<br>Uhl<\/a><\/div>\n<\/div>\n<\/div>\n<\/div>\n\n\n\n<p><\/p>\n\n\n\n<div class=\"wp-block-columns is-layout-flex wp-container-core-columns-is-layout-9d6595d7 wp-block-columns-is-layout-flex\">\n<div class=\"wp-block-column is-layout-flow wp-block-column-is-layout-flow\" style=\"flex-basis:20%\"><\/div>\n\n\n\n<div class=\"wp-block-column is-layout-flow wp-block-column-is-layout-flow\" style=\"flex-basis:20%\"><\/div>\n\n\n\n<div class=\"wp-block-column is-layout-flow wp-block-column-is-layout-flow\" style=\"flex-basis:20%\"><\/div>\n\n\n\n<div class=\"wp-block-column is-layout-flow wp-block-column-is-layout-flow\" style=\"flex-basis:20%\"><\/div>\n\n\n\n<div class=\"wp-block-column is-layout-flow wp-block-column-is-layout-flow\" style=\"flex-basis:20%\"><\/div>\n<\/div>\n","protected":false},"excerpt":{"rendered":"<p>Am 01. M\u00e4rz dieses Jahres hat die Demonstration &#8222;Gemeinsam f\u00fcr Menschenrechte &amp; Demokratie&#8220; in Spaichingen auf dem Marktplatz stattgefunden. Die Demonstration ist in Spaichingen sehr gut angekommen. Sie lief friedlich ab. Es wurden ungef\u00e4hr 600 Teilnehmer gesch\u00e4tzt. Die Demo wurde von der KZ-Initiative Spaichingen mitorganisiert. Gerne bringen wir die Reden als Video-Beitr\u00e4ge zum Anschauen.<\/p>\n","protected":false},"author":2,"featured_media":0,"comment_status":"closed","ping_status":"closed","sticky":false,"template":"","format":"standard","meta":{"footnotes":""},"categories":[4],"tags":[],"class_list":["post-1184","post","type-post","status-publish","format-standard","hentry","category-veranstaltung"],"_links":{"self":[{"href":"https:\/\/kz-gedenken-spaichingen.de\/index.php?rest_route=\/wp\/v2\/posts\/1184","targetHints":{"allow":["GET"]}}],"collection":[{"href":"https:\/\/kz-gedenken-spaichingen.de\/index.php?rest_route=\/wp\/v2\/posts"}],"about":[{"href":"https:\/\/kz-gedenken-spaichingen.de\/index.php?rest_route=\/wp\/v2\/types\/post"}],"author":[{"embeddable":true,"href":"https:\/\/kz-gedenken-spaichingen.de\/index.php?rest_route=\/wp\/v2\/users\/2"}],"replies":[{"embeddable":true,"href":"https:\/\/kz-gedenken-spaichingen.de\/index.php?rest_route=%2Fwp%2Fv2%2Fcomments&post=1184"}],"version-history":[{"count":30,"href":"https:\/\/kz-gedenken-spaichingen.de\/index.php?rest_route=\/wp\/v2\/posts\/1184\/revisions"}],"predecessor-version":[{"id":1237,"href":"https:\/\/kz-gedenken-spaichingen.de\/index.php?rest_route=\/wp\/v2\/posts\/1184\/revisions\/1237"}],"wp:attachment":[{"href":"https:\/\/kz-gedenken-spaichingen.de\/index.php?rest_route=%2Fwp%2Fv2%2Fmedia&parent=1184"}],"wp:term":[{"taxonomy":"category","embeddable":true,"href":"https:\/\/kz-gedenken-spaichingen.de\/index.php?rest_route=%2Fwp%2Fv2%2Fcategories&post=1184"},{"taxonomy":"post_tag","embeddable":true,"href":"https:\/\/kz-gedenken-spaichingen.de\/index.php?rest_route=%2Fwp%2Fv2%2Ftags&post=1184"}],"curies":[{"name":"wp","href":"https:\/\/api.w.org\/{rel}","templated":true}]}}